{"id":1588,"date":"2025-10-03T03:28:08","date_gmt":"2025-10-02T20:28:08","guid":{"rendered":"https:\/\/budirahayu.com\/sehat\/?p=1588"},"modified":"2026-01-27T14:30:02","modified_gmt":"2026-01-27T07:30:02","slug":"le-role-croissant-des-velos-electriques-dans-la-mobilite-urbaine-une-revolution-ecologique-et-technologique","status":"publish","type":"post","link":"https:\/\/budirahayu.com\/sehat\/le-role-croissant-des-velos-electriques-dans-la-mobilite-urbaine-une-revolution-ecologique-et-technologique\/","title":{"rendered":"Le r\u00f4le croissant des v\u00e9los \u00e9lectriques dans la mobilit\u00e9 urbaine : une r\u00e9volution \u00e9cologique et technologique"},"content":{"rendered":"<p>Au cours de la derni\u00e8re d\u00e9cennie, le paysage de la mobilit\u00e9 urbaine a connu une transformation sans pr\u00e9c\u00e9dent, port\u00e9e principalement par l\u2019\u00e9mergence des v\u00e9los \u00e9lectriques. Ces v\u00e9hicules hybrides, alliant simplicit\u00e9 m\u00e9canique et avanc\u00e9es technologiques, red\u00e9finissent la fa\u00e7on dont les citadins se d\u00e9placent tout en posant de nouveaux d\u00e9fis pour l\u2019environnement, la planification urbaine et l\u2019industrie du VTT et du v\u00e9lo en g\u00e9n\u00e9ral.<\/p>\n<h2>Les dynamiques de la croissance du march\u00e9 des v\u00e9los \u00e9lectriques<\/h2>\n<table>\n<thead>\n<tr>\n<th>Ann\u00e9e<\/th>\n<th>Ventes mondiales (millions)<\/th>\n<th>Taux de croissance annuel (%)<\/th>\n<\/tr>\n<\/thead>\n<tbody>\n<tr>\n<td>2015<\/td>\n<td>3.2<\/td>\n<td>&#8211;<\/td>\n<\/tr>\n<tr>\n<td>2020<\/td>\n<td>17.2<\/td>\n<td>42.3%<\/td>\n<\/tr>\n<tr>\n<td>2023<\/td>\n<td>29.4<\/td>\n<td>13.2%<\/td>\n<\/tr>\n<\/tbody>\n<\/table>\n<p>Ces chiffres illustrent un boom sans pr\u00e9c\u00e9dent, avec une croissance annuelle moyenne d\u00e9passant souvent les 20 %. Selon une \u00e9tude de l\u2019Union europ\u00e9enne, cette tendance s\u2019explique par une prise de conscience \u00e9cologique, la r\u00e9duction des co\u00fbts li\u00e9s \u00e0 la possession et \u00e0 l\u2019utilisation, ainsi que par l\u2019am\u00e9lioration constante des technologies de batteries, notamment celles utilis\u00e9es dans des mod\u00e8les comme <a href=\"https:\/\/lecowboy-slotmachine.fr\/\">Le Cowboy: le v\u00e9lo<\/a>.<\/p>\n<h2>Innovations technologiques et leurs impacts<\/h2>\n<p>Les v\u00e9los \u00e9lectriques modernes incorporent des innovations cl\u00e9s d\u00e9passant la simple motorisation. Parmi celles-ci, on identifie :<\/p>\n<ul>\n<li><strong>Batteries lithium-ion performantes :<\/strong> permettant une autonomie accrue et une recharge rapide.<\/li>\n<li><strong>Syst\u00e8mes intelligents :<\/strong> int\u00e9grant des capteurs, des applications smartphone pour optimiser la conduite ou localiser le v\u00e9lo en temps r\u00e9el.<\/li>\n<li><strong>Design ergonomique :<\/strong> visant \u00e0 rendre l\u2019utilisation plus confortable, tout en supportant des cadres l\u00e9gers mais r\u00e9sistants.<\/li>\n<\/ul>\n<blockquote><p>\n&#8220;Ces avanc\u00e9es techniques ont permis d\u2019adresser la principale contrainte des v\u00e9los \u00e9lectriques : l\u2019autonomie, tout en conservant une exp\u00e9rience de conduite naturelle,&#8221; souligne Jean Dupont, expert en mobilit\u00e9 urbaine chez la F\u00e9d\u00e9ration des Industriels du Cycle.\n<\/p><\/blockquote>\n<h2>Impacts environnementaux et soci\u00e9taux<\/h2>\n<p>Le d\u00e9ploiement massif des v\u00e9los \u00e9lectriques favorise la r\u00e9duction des \u00e9missions de gaz \u00e0 effet de serre, un enjeu majeur pour lutter contre le changement climatique. Selon une r\u00e9cente analyse de l\u2019Agence de la Transition \u00c9cologique, une utilisation accrue des v\u00e9los \u00e9lectriques pourrait r\u00e9duire jusqu\u2019\u00e0 40 % des \u00e9missions li\u00e9es aux d\u00e9placements urbains d\u2019ici 2030.<\/p>\n<p>De plus, ces modes de transport participent \u00e0 la d\u00e9congestion des centres-villes, favorisent l\u2019activit\u00e9 physique, et contribuent \u00e0 une meilleure qualit\u00e9 de vie en r\u00e9duisant le bruit et la pollution atmosph\u00e9rique.<\/p>\n<h2>Perspectives et d\u00e9fis futurs<\/h2>\n<p>Malgr\u00e9 ces avanc\u00e9es, plusieurs obstacles restent \u00e0 surmonter :<\/p>\n<ol>\n<li><strong>R\u00e9seau de recharge :<\/strong> n\u00e9cessitant une optimisation pour supporter la demande croissante.<\/li>\n<li><strong>Co\u00fbt d\u2019achat :<\/strong> encore \u00e9lev\u00e9 pour une part majoritaire de la population, bien que les prix tendent \u00e0 diminuer.<\/li>\n<li><strong>Inclusion urbaine :<\/strong> int\u00e9gration dans des infrastructures existantes et adaptation des politiques publiques.<\/li>\n<\/ol>\n<p>En plus, la volont\u00e9 de certains acteurs de l\u2019industrie de promouvoir des mod\u00e8les innovants, tels que Le Cowboy: le v\u00e9lo, souligne une volont\u00e9 de rendre cette r\u00e9volution accessible et design, tout en int\u00e9grant des fonctionnalit\u00e9s connect\u00e9es et modernes qui r\u00e9pondent aux attentes du confort et de la praticit\u00e9.<\/p>\n<h2>Conclusion : Un virage strat\u00e9gique pour la mobilit\u00e9 de demain<\/h2>\n<p>Le d\u00e9veloppement exponentiel des v\u00e9los \u00e9lectriques marque une \u00e9tape essentielle vers une mobilit\u00e9 plus durable et intelligente. Leur adoption croissante force les villes et les industries \u00e0 repenser leur infrastructure, leur r\u00e9glementation et leur offre technologique.<\/p>\n<p>En regardant vers l\u2019avenir, l\u2019innovation doit continuer de conjuguer \u00e9cologie, technologie et inclusion sociale. Le lien entre terrain et innovation se mat\u00e9rialise notamment \u00e0 travers des initiatives comme Le Cowboy: le v\u00e9lo, qui incarne cette nouvelle \u00e8re du cyclisme urbain moderne.<\/p>\n<div class=\"note\">\n<strong>Note :<\/strong> La red\u00e9finition du cycle urbain devrait s\u2019inscrire de plus en plus dans une d\u00e9marche \u00e9coresponsable, o\u00f9 technologies avanc\u00e9es et pratiques durables se conjuguent pour fa\u00e7onner une mobilit\u00e9 future plus harmonieuse.\n<\/div>\n","protected":false},"excerpt":{"rendered":"<p>Au cours de la derni\u00e8re d\u00e9cennie, le paysage de la mobilit\u00e9 urbaine a connu une transformation sans pr\u00e9c\u00e9dent, port\u00e9e principalement par l\u2019\u00e9mergence des v\u00e9los \u00e9lectriques. Ces v\u00e9hicules hybrides, alliant simplicit\u00e9 m\u00e9canique et avanc\u00e9es technologiques, red\u00e9finissent la fa\u00e7on dont les citadins<\/p>\n","protected":false},"author":3,"featured_media":0,"comment_status":"open","ping_status":"open","sticky":false,"template":"","format":"standard","meta":{"footnotes":""},"categories":[1],"tags":[],"class_list":["post-1588","post","type-post","status-publish","format-standard","hentry","category-uncategorized"],"_links":{"self":[{"href":"https:\/\/budirahayu.com\/sehat\/wp-json\/wp\/v2\/posts\/1588","targetHints":{"allow":["GET"]}}],"collection":[{"href":"https:\/\/budirahayu.com\/sehat\/wp-json\/wp\/v2\/posts"}],"about":[{"href":"https:\/\/budirahayu.com\/sehat\/wp-json\/wp\/v2\/types\/post"}],"author":[{"embeddable":true,"href":"https:\/\/budirahayu.com\/sehat\/wp-json\/wp\/v2\/users\/3"}],"replies":[{"embeddable":true,"href":"https:\/\/budirahayu.com\/sehat\/wp-json\/wp\/v2\/comments?post=1588"}],"version-history":[{"count":1,"href":"https:\/\/budirahayu.com\/sehat\/wp-json\/wp\/v2\/posts\/1588\/revisions"}],"predecessor-version":[{"id":1589,"href":"https:\/\/budirahayu.com\/sehat\/wp-json\/wp\/v2\/posts\/1588\/revisions\/1589"}],"wp:attachment":[{"href":"https:\/\/budirahayu.com\/sehat\/wp-json\/wp\/v2\/media?parent=1588"}],"wp:term":[{"taxonomy":"category","embeddable":true,"href":"https:\/\/budirahayu.com\/sehat\/wp-json\/wp\/v2\/categories?post=1588"},{"taxonomy":"post_tag","embeddable":true,"href":"https:\/\/budirahayu.com\/sehat\/wp-json\/wp\/v2\/tags?post=1588"}],"curies":[{"name":"wp","href":"https:\/\/api.w.org\/{rel}","templated":true}]}}